{"id":12548,"date":"2023-07-13T07:57:49","date_gmt":"2023-07-13T07:57:49","guid":{"rendered":"https:\/\/literatinagyferenc.hu\/?p=12548"},"modified":"2023-07-13T08:13:20","modified_gmt":"2023-07-13T08:13:20","slug":"valley-of-fire-state-park-nevada","status":"publish","type":"post","link":"https:\/\/literatinagyferenc.hu\/index.php\/2023\/07\/13\/valley-of-fire-state-park-nevada\/","title":{"rendered":"Valley of Fire State Park"},"content":{"rendered":"\n<p>A Valley of Fire State Park egy nyilv\u00e1nos rekre\u00e1ci\u00f3s \u00e9s term\u00e9szetv\u00e9delmi ter\u00fclet, amely k\u00f6zel 46 000 hekt\u00e1ron fekszik, 16 m\u00e9rf\u00f6ldre d\u00e9lre a nevadai Overtont\u00f3l. Az \u00e1llami park nev\u00e9t a v\u00f6r\u00f6s homokk\u0151 k\u00e9pz\u0151dm\u00e9nyekr\u0151l, az azt\u00e9k homokk\u0151r\u0151l kapta, amely 150 milli\u00f3 \u00e9vvel ezel\u0151tt, v\u00e1ltoz\u00f3 homokd\u0171n\u00e9kb\u0151l alakult ki.<\/p>\n","protected":false},"excerpt":{"rendered":"<p>A Valley of Fire State Park egy nyilv\u00e1nos rekre\u00e1ci\u00f3s \u00e9s term\u00e9szetv\u00e9delmi ter\u00fclet, amely k\u00f6zel 46 000 hekt\u00e1ron fekszik, 16 m\u00e9rf\u00f6ldre d\u00e9lre a nevadai Overtont\u00f3l. Az \u00e1llami park nev\u00e9t a v\u00f6r\u00f6s homokk\u0151 k\u00e9pz\u0151dm\u00e9nyekr\u0151l, az azt\u00e9k homokk\u0151r\u0151l kapta, amely 150 milli\u00f3 \u00e9vvel ezel\u0151tt, v\u00e1ltoz\u00f3 homokd\u0171n\u00e9kb\u0151l alakult ki.<\/p>\n","protected":false},"author":2,"featured_media":0,"comment_status":"open","ping_status":"open","sticky":false,"template":"","format":"gallery","meta":{"inline_featured_image":false},"categories":[2,6],"tags":[41,40],"_links":{"self":[{"href":"https:\/\/literatinagyferenc.hu\/index.php\/wp-json\/wp\/v2\/posts\/12548"}],"collection":[{"href":"https:\/\/literatinagyferenc.hu\/index.php\/wp-json\/wp\/v2\/posts"}],"about":[{"href":"https:\/\/literatinagyferenc.hu\/index.php\/wp-json\/wp\/v2\/types\/post"}],"author":[{"embeddable":true,"href":"https:\/\/literatinagyferenc.hu\/index.php\/wp-json\/wp\/v2\/users\/2"}],"replies":[{"embeddable":true,"href":"https:\/\/literatinagyferenc.hu\/index.php\/wp-json\/wp\/v2\/comments?post=12548"}],"version-history":[{"count":3,"href":"https:\/\/literatinagyferenc.hu\/index.php\/wp-json\/wp\/v2\/posts\/12548\/revisions"}],"predecessor-version":[{"id":12590,"href":"https:\/\/literatinagyferenc.hu\/index.php\/wp-json\/wp\/v2\/posts\/12548\/revisions\/12590"}],"wp:attachment":[{"href":"https:\/\/literatinagyferenc.hu\/index.php\/wp-json\/wp\/v2\/media?parent=12548"}],"wp:term":[{"taxonomy":"category","embeddable":true,"href":"https:\/\/literatinagyferenc.hu\/index.php\/wp-json\/wp\/v2\/categories?post=12548"},{"taxonomy":"post_tag","embeddable":true,"href":"https:\/\/literatinagyferenc.hu\/index.php\/wp-json\/wp\/v2\/tags?post=12548"}],"curies":[{"name":"wp","href":"https:\/\/api.w.org\/{rel}","templated":true}]}}