{"id":12443,"date":"2022-10-22T09:25:22","date_gmt":"2022-10-22T09:25:22","guid":{"rendered":"http:\/\/literatinagyferenc.hu\/?p=12443"},"modified":"2022-10-22T09:38:16","modified_gmt":"2022-10-22T09:38:16","slug":"oszi-kalandozas-eszak-norvegiaban","status":"publish","type":"post","link":"https:\/\/literatinagyferenc.hu\/index.php\/2022\/10\/22\/oszi-kalandozas-eszak-norvegiaban\/","title":{"rendered":"\u0150szi kalandoz\u00e1s \u00c9szak Norv\u00e9gi\u00e1ban"},"content":{"rendered":"<p>\u00c9szak-Norv\u00e9gia egyike Norv\u00e9gia f\u00f6ldrajzi r\u00e9gi\u00f3inak, az orsz\u00e1g \u00e9szaki r\u00e9sze. H\u00e1rom megye tartozik hozz\u00e1, ezek Norv\u00e9gia ter\u00fclet\u00e9nek mintegy harmad\u00e1t teszik ki<\/p>\n","protected":false},"excerpt":{"rendered":"<p>\u00c9szak-Norv\u00e9gia egyike Norv\u00e9gia f\u00f6ldrajzi r\u00e9gi\u00f3inak, az orsz\u00e1g \u00e9szaki r\u00e9sze. H\u00e1rom megye tartozik hozz\u00e1, ezek Norv\u00e9gia ter\u00fclet\u00e9nek mintegy harmad\u00e1t teszik ki<\/p>\n","protected":false},"author":1,"featured_media":0,"comment_status":"open","ping_status":"open","sticky":false,"template":"","format":"gallery","meta":{"inline_featured_image":false},"categories":[2,6],"tags":[38,39],"_links":{"self":[{"href":"https:\/\/literatinagyferenc.hu\/index.php\/wp-json\/wp\/v2\/posts\/12443"}],"collection":[{"href":"https:\/\/literatinagyferenc.hu\/index.php\/wp-json\/wp\/v2\/posts"}],"about":[{"href":"https:\/\/literatinagyferenc.hu\/index.php\/wp-json\/wp\/v2\/types\/post"}],"author":[{"embeddable":true,"href":"https:\/\/literatinagyferenc.hu\/index.php\/wp-json\/wp\/v2\/users\/1"}],"replies":[{"embeddable":true,"href":"https:\/\/literatinagyferenc.hu\/index.php\/wp-json\/wp\/v2\/comments?post=12443"}],"version-history":[{"count":3,"href":"https:\/\/literatinagyferenc.hu\/index.php\/wp-json\/wp\/v2\/posts\/12443\/revisions"}],"predecessor-version":[{"id":12538,"href":"https:\/\/literatinagyferenc.hu\/index.php\/wp-json\/wp\/v2\/posts\/12443\/revisions\/12538"}],"wp:attachment":[{"href":"https:\/\/literatinagyferenc.hu\/index.php\/wp-json\/wp\/v2\/media?parent=12443"}],"wp:term":[{"taxonomy":"category","embeddable":true,"href":"https:\/\/literatinagyferenc.hu\/index.php\/wp-json\/wp\/v2\/categories?post=12443"},{"taxonomy":"post_tag","embeddable":true,"href":"https:\/\/literatinagyferenc.hu\/index.php\/wp-json\/wp\/v2\/tags?post=12443"}],"curies":[{"name":"wp","href":"https:\/\/api.w.org\/{rel}","templated":true}]}}