{"id":12257,"date":"2020-02-28T14:37:55","date_gmt":"2020-02-28T14:37:55","guid":{"rendered":"http:\/\/literatinagyferenc.hu\/?p=12257"},"modified":"2020-02-28T14:45:00","modified_gmt":"2020-02-28T14:45:00","slug":"raba","status":"publish","type":"post","link":"https:\/\/literatinagyferenc.hu\/index.php\/2020\/02\/28\/raba\/","title":{"rendered":"R\u00e1ba"},"content":{"rendered":"<p>A R\u00e1ba (n\u00e9met\u00fcl Raab, latinul Arrabo) Magyarorsz\u00e1g 3. leghosszabb foly\u00f3ja, a Duna legjelent\u0151sebb magyarorsz\u00e1gi mell\u00e9kfoly\u00f3ja. Ausztri\u00e1ban, St\u00e1jerorsz\u00e1gban, a Fischbachi-Alpokban, a Hochlantsch d\u00e9lkeleti lejt\u0151j\u00e9n ered 1200 m magass\u00e1gban. Nem haj\u00f3zhat\u00f3, de a r\u00f3mai korban jelent\u0151s sz\u00e1ll\u00edt\u00e1si \u00fatvonal volt. Ma els\u0151sorban v\u00edzienergia- \u00e9s iv\u00f3v\u00edzforr\u00e1sk\u00e9nt, valamint mez\u0151gazdas\u00e1gi \u00e9s turisztikai szempontb\u00f3l jelent\u0151s. <\/p>\n","protected":false},"excerpt":{"rendered":"<p>A R\u00e1ba (n\u00e9met\u00fcl Raab, latinul Arrabo) Magyarorsz\u00e1g 3. leghosszabb foly\u00f3ja, a Duna legjelent\u0151sebb magyarorsz\u00e1gi mell\u00e9kfoly\u00f3ja. Ausztri\u00e1ban, St\u00e1jerorsz\u00e1gban, a Fischbachi-Alpokban, a Hochlantsch d\u00e9lkeleti lejt\u0151j\u00e9n ered 1200 m magass\u00e1gban. Nem haj\u00f3zhat\u00f3, de a r\u00f3mai korban jelent\u0151s sz\u00e1ll\u00edt\u00e1si \u00fatvonal volt. Ma els\u0151sorban v\u00edzienergia- \u00e9s iv\u00f3v\u00edzforr\u00e1sk\u00e9nt, valamint mez\u0151gazdas\u00e1gi \u00e9s turisztikai szempontb\u00f3l jelent\u0151s.<\/p>\n","protected":false},"author":1,"featured_media":0,"comment_status":"open","ping_status":"open","sticky":false,"template":"","format":"gallery","meta":{"inline_featured_image":false},"categories":[2,6],"tags":[36],"_links":{"self":[{"href":"https:\/\/literatinagyferenc.hu\/index.php\/wp-json\/wp\/v2\/posts\/12257"}],"collection":[{"href":"https:\/\/literatinagyferenc.hu\/index.php\/wp-json\/wp\/v2\/posts"}],"about":[{"href":"https:\/\/literatinagyferenc.hu\/index.php\/wp-json\/wp\/v2\/types\/post"}],"author":[{"embeddable":true,"href":"https:\/\/literatinagyferenc.hu\/index.php\/wp-json\/wp\/v2\/users\/1"}],"replies":[{"embeddable":true,"href":"https:\/\/literatinagyferenc.hu\/index.php\/wp-json\/wp\/v2\/comments?post=12257"}],"version-history":[{"count":3,"href":"https:\/\/literatinagyferenc.hu\/index.php\/wp-json\/wp\/v2\/posts\/12257\/revisions"}],"predecessor-version":[{"id":12266,"href":"https:\/\/literatinagyferenc.hu\/index.php\/wp-json\/wp\/v2\/posts\/12257\/revisions\/12266"}],"wp:attachment":[{"href":"https:\/\/literatinagyferenc.hu\/index.php\/wp-json\/wp\/v2\/media?parent=12257"}],"wp:term":[{"taxonomy":"category","embeddable":true,"href":"https:\/\/literatinagyferenc.hu\/index.php\/wp-json\/wp\/v2\/categories?post=12257"},{"taxonomy":"post_tag","embeddable":true,"href":"https:\/\/literatinagyferenc.hu\/index.php\/wp-json\/wp\/v2\/tags?post=12257"}],"curies":[{"name":"wp","href":"https:\/\/api.w.org\/{rel}","templated":true}]}}